{"id":14625,"date":"2023-10-30T10:31:04","date_gmt":"2023-10-30T09:31:04","guid":{"rendered":"https:\/\/gallerisebastianschildt.se\/bankett\/"},"modified":"2023-12-04T13:01:06","modified_gmt":"2023-12-04T12:01:06","slug":"bankett","status":"publish","type":"post","link":"https:\/\/gallerisebastianschildt.se\/en\/bankett\/","title":{"rendered":"BANQUET"},"content":{"rendered":"<p>[et_pb_section fb_built=&#8221;1&#8243; _builder_version=&#8221;4.16&#8243; width=&#8221;100%&#8221; max_width=&#8221;100%&#8221; module_alignment=&#8221;center&#8221; custom_padding=&#8221;2px||30px||false|false&#8221; global_colors_info=&#8221;{}&#8221; theme_builder_area=&#8221;post_content&#8221;][et_pb_row _builder_version=&#8221;4.16&#8243; module_alignment=&#8221;center&#8221; custom_margin=&#8221;||||false|false&#8221; custom_padding=&#8221;0px||||false|false&#8221; global_colors_info=&#8221;{}&#8221; theme_builder_area=&#8221;post_content&#8221;][et_pb_column type=&#8221;4_4&#8243; _builder_version=&#8221;4.16&#8243; global_colors_info=&#8221;{}&#8221; theme_builder_area=&#8221;post_content&#8221;]<\/p>\n<p>[et_pb_post_title meta=&#8221;off&#8221; featured_image=&#8221;off&#8221; _builder_version=&#8221;4.16&#8243; title_letter_spacing=&#8221;3px&#8221; hover_enabled=&#8221;0&#8243; global_colors_info=&#8221;{}&#8221; theme_builder_area=&#8221;et_body_layout&#8221; sticky_enabled=&#8221;0&#8243;][\/et_pb_post_title]<\/p>\n<p>[\/et_pb_column][\/et_pb_row][et_pb_row column_structure=&#8221;2_5,3_5&#8243; _builder_version=&#8221;4.16&#8243; width=&#8221;100%&#8221; global_colors_info=&#8221;{}&#8221; theme_builder_area=&#8221;post_content&#8221;][et_pb_column type=&#8221;2_5&#8243; _builder_version=&#8221;4.16&#8243; global_colors_info=&#8221;{}&#8221; theme_builder_area=&#8221;post_content&#8221;][et_pb_image src=&#8221;https:\/\/gallerisebastianschildt.se\/wp-content\/uploads\/2023\/11\/Malin-Pierre-Guest-of-Honor-Galleri-Sebastian-Schildt.jpg&#8221; title_text=&#8221;Malin Pierre Guest of Honor Galleri Sebastian Schildt&#8221; force_fullwidth=&#8221;on&#8221; _builder_version=&#8221;4.22.1&#8243; custom_margin=&#8221;||71px|||&#8221; custom_padding=&#8221;10px||||false|false&#8221; custom_padding_tablet=&#8221;&#8221; custom_padding_phone=&#8221;&#8221; custom_padding_last_edited=&#8221;on|phone&#8221; global_colors_info=&#8221;{}&#8221; theme_builder_area=&#8221;post_content&#8221;][\/et_pb_image][\/et_pb_column][et_pb_column type=&#8221;3_5&#8243; _builder_version=&#8221;4.16&#8243; global_colors_info=&#8221;{}&#8221; theme_builder_area=&#8221;post_content&#8221;][et_pb_text _builder_version=&#8221;4.22.1&#8243; custom_margin=&#8221;||24px|||&#8221; hover_enabled=&#8221;0&#8243; header_2_text_align_last_edited=&#8221;off|phone&#8221; header_2_font_size_tablet=&#8221;&#8221; header_2_font_size_phone=&#8221;20px&#8221; header_2_font_size_last_edited=&#8221;on|phone&#8221; header_3_text_align_last_edited=&#8221;off|phone&#8221; global_colors_info=&#8221;{}&#8221; theme_builder_area=&#8221;post_content&#8221; sticky_enabled=&#8221;0&#8243;]<\/p>\n<h3>GROUP SHOW<\/h3>\n<p>DECEMBER 2 &#8211; JANUARY 10, 2024<\/p>\n<p>OPENING SATURDAY DECEMBER 2, 11 am &#8211; 4 pm<\/p>\n<p>&nbsp;<\/p>\n<div>\n<p><span lang=\"EN-US\">The festive season approaches &amp; we dearly welcome you to the exhibition &#8220;Banquet&#8221;.\u00a0<\/span>We have invited a group of artists to explore and contemplate our traditions, behaviours, and social interactions from a unique and life-affirming perspective. In addition to showcasing a wide interpretation of the set table, we also present sculptures, jewellery, and wall-mounted art, which are integral to the essence of festive gatherings.<\/p>\n<\/div>\n<p>&nbsp;<\/p>\n<p>Varmest welcome!<\/p>\n<p>[\/et_pb_text][et_pb_text _builder_version=&#8221;4.22.1&#8243; custom_margin=&#8221;||0px||false|false&#8221; custom_padding=&#8221;||0px||false|false&#8221; hover_enabled=&#8221;0&#8243; global_colors_info=&#8221;{}&#8221; theme_builder_area=&#8221;post_content&#8221; sticky_enabled=&#8221;0&#8243;]<\/p>\n<h3>READ MORE ABOUT<\/h3>\n<p>[\/et_pb_text][et_pb_text _builder_version=&#8221;4.16&#8243; _dynamic_attributes=&#8221;content&#8221; global_colors_info=&#8221;{}&#8221; theme_builder_area=&#8221;post_content&#8221;]@ET-DC@eyJkeW5hbWljIjp0cnVlLCJjb250ZW50IjoicG9zdF90YWdzIiwic2V0dGluZ3MiOnsiYmVmb3JlIjoiIiwiYWZ0ZXIiOiIiLCJsaW5rX3RvX3Rlcm1fcGFnZSI6Im9uIiwic2VwYXJhdG9yIjoiIHwgIiwiY2F0ZWdvcnlfdHlwZSI6InBvc3RfdGFnIn19@[\/et_pb_text][\/et_pb_column][\/et_pb_row][\/et_pb_section][et_pb_section fb_built=&#8221;1&#8243; _builder_version=&#8221;4.16&#8243; background_color=&#8221;#f4efea&#8221; global_colors_info=&#8221;{}&#8221; theme_builder_area=&#8221;post_content&#8221;][et_pb_row column_structure=&#8221;1_4,1_4,1_4,1_4&#8243; use_custom_gutter=&#8221;on&#8221; gutter_width=&#8221;2&#8243; _builder_version=&#8221;4.16&#8243; width=&#8221;95%&#8221; max_width=&#8221;100%&#8221; global_colors_info=&#8221;{}&#8221; theme_builder_area=&#8221;post_content&#8221;][et_pb_column type=&#8221;1_4&#8243; _builder_version=&#8221;4.16&#8243; background_enable_color=&#8221;off&#8221; global_colors_info=&#8221;{}&#8221; theme_builder_area=&#8221;post_content&#8221;][et_pb_image src=&#8221;https:\/\/gallerisebastianschildt.se\/wp-content\/uploads\/2023\/11\/Ulrika-Sward-Galleri-Sebastian-Schildt-1.jpeg&#8221; title_text=&#8221;Pitcher Schildt&#8221; show_in_lightbox=&#8221;on&#8221; show_bottom_space=&#8221;off&#8221; _builder_version=&#8221;4.22.1&#8243; box_shadow_style=&#8221;preset1&#8243; box_shadow_blur=&#8221;5px&#8221; box_shadow_color=&#8221;rgba(0,0,0,0.15)&#8221; global_colors_info=&#8221;{}&#8221; theme_builder_area=&#8221;post_content&#8221;][\/et_pb_image][et_pb_text _builder_version=&#8221;4.22.1&#8243; text_font_size=&#8221;14px&#8221; background_color=&#8221;#ffffff&#8221; text_orientation=&#8221;center&#8221; custom_padding=&#8221;25px|20px|25px|20px|false|true&#8221; box_shadow_style=&#8221;preset1&#8243; box_shadow_blur=&#8221;10px&#8221; box_shadow_color=&#8221;rgba(0,0,0,0.15)&#8221; global_colors_info=&#8221;{}&#8221; theme_builder_area=&#8221;post_content&#8221;]<\/p>\n<h3>ULRIKA SW\u00c4RD<\/h3>\n<p>Necklace in walnut, onyx \u00a0oxidized silver, nylon and<br \/>metal.<\/p>\n<p>[\/et_pb_text][et_pb_image src=&#8221;https:\/\/gallerisebastianschildt.se\/wp-content\/uploads\/2023\/12\/Annika-Jarring-Bankett-Galleri-Sebastian-Schildt.jpg&#8221; title_text=&#8221;Annika Jarring Bankett Galleri Sebastian Schildt.&#8221; show_in_lightbox=&#8221;on&#8221; show_bottom_space=&#8221;off&#8221; _builder_version=&#8221;4.22.1&#8243; hover_enabled=&#8221;0&#8243; box_shadow_style=&#8221;preset1&#8243; box_shadow_blur=&#8221;5px&#8221; box_shadow_color=&#8221;rgba(0,0,0,0.15)&#8221; global_colors_info=&#8221;{}&#8221; theme_builder_area=&#8221;post_content&#8221; sticky_enabled=&#8221;0&#8243;][\/et_pb_image][et_pb_text _builder_version=&#8221;4.22.1&#8243; text_font_size=&#8221;14px&#8221; background_color=&#8221;#ffffff&#8221; text_orientation=&#8221;center&#8221; custom_padding=&#8221;25px|20px|25px|20px|false|true&#8221; hover_enabled=&#8221;0&#8243; box_shadow_style=&#8221;preset1&#8243; box_shadow_blur=&#8221;10px&#8221; box_shadow_color=&#8221;rgba(0,0,0,0.15)&#8221; global_colors_info=&#8221;{}&#8221; theme_builder_area=&#8221;post_content&#8221; sticky_enabled=&#8221;0&#8243;]<\/p>\n<h3>ANNIKA JARRING<\/h3>\n<div>Three vases\/sculptures, \u201dBojagi\u201d, transparent flat glass. Height 32 cm.<\/div>\n<div>\u00a0<\/div>\n<p>[\/et_pb_text][et_pb_gallery gallery_ids=&#8221;14766,14768&#8243; _builder_version=&#8221;4.22.1&#8243; hover_enabled=&#8221;0&#8243; global_colors_info=&#8221;{}&#8221; theme_builder_area=&#8221;post_content&#8221; sticky_enabled=&#8221;0&#8243;][\/et_pb_gallery][et_pb_text _builder_version=&#8221;4.22.1&#8243; text_font_size=&#8221;14px&#8221; background_color=&#8221;#ffffff&#8221; text_orientation=&#8221;center&#8221; custom_padding=&#8221;25px|20px|25px|20px|false|true&#8221; hover_enabled=&#8221;0&#8243; box_shadow_style=&#8221;preset1&#8243; box_shadow_blur=&#8221;10px&#8221; box_shadow_color=&#8221;rgba(0,0,0,0.15)&#8221; global_colors_info=&#8221;{}&#8221; theme_builder_area=&#8221;post_content&#8221; sticky_enabled=&#8221;0&#8243;]<\/p>\n<h3>STINA WIRS\u00c9N<\/h3>\n<div>Two vases\/sculptures, \u201dSoon to be\u201d, free blown glass, \u00a0 \u00a0 \u00a0\u00a0<br \/>glass blower Amy Kr\u00fcger.\u00a0<\/div>\n<div>\u00a0<\/div>\n<p>[\/et_pb_text][et_pb_image src=&#8221;https:\/\/gallerisebastianschildt.se\/wp-content\/uploads\/2023\/12\/Olle-Olls-salladsbestick-Bankett-Galleri-Sebastian-Schildt.jpg&#8221; title_text=&#8221;Olle Olls salladsbestick Bankett Galleri Sebastian Schildt&#8221; show_in_lightbox=&#8221;on&#8221; show_bottom_space=&#8221;off&#8221; _builder_version=&#8221;4.22.1&#8243; hover_enabled=&#8221;0&#8243; box_shadow_style=&#8221;preset1&#8243; box_shadow_blur=&#8221;5px&#8221; box_shadow_color=&#8221;rgba(0,0,0,0.15)&#8221; global_colors_info=&#8221;{}&#8221; theme_builder_area=&#8221;post_content&#8221; sticky_enabled=&#8221;0&#8243;][\/et_pb_image][et_pb_text _builder_version=&#8221;4.22.1&#8243; text_font_size=&#8221;14px&#8221; background_color=&#8221;#ffffff&#8221; text_orientation=&#8221;center&#8221; custom_padding=&#8221;25px|20px|25px|20px|false|true&#8221; hover_enabled=&#8221;0&#8243; box_shadow_style=&#8221;preset1&#8243; box_shadow_blur=&#8221;10px&#8221; box_shadow_color=&#8221;rgba(0,0,0,0.15)&#8221; global_colors_info=&#8221;{}&#8221; theme_builder_area=&#8221;post_content&#8221; sticky_enabled=&#8221;0&#8243;]<\/p>\n<h3>OLLE OLLS<\/h3>\n<div>Salad Cutlery, sterling silver.<\/div>\n<div>\u00a0<\/div>\n<p>[\/et_pb_text][et_pb_image src=&#8221;https:\/\/gallerisebastianschildt.se\/wp-content\/uploads\/2023\/12\/Ingrid-Barndal-silver-och-bergkristall-Bankett-Galleri-Sebastian-Schildt.jpeg&#8221; title_text=&#8221;Ingrid B\u00e4rndal silver och bergkristall Bankett Galleri Sebastian Schildt&#8221; show_in_lightbox=&#8221;on&#8221; show_bottom_space=&#8221;off&#8221; _builder_version=&#8221;4.22.1&#8243; hover_enabled=&#8221;0&#8243; box_shadow_style=&#8221;preset1&#8243; box_shadow_blur=&#8221;5px&#8221; box_shadow_color=&#8221;rgba(0,0,0,0.15)&#8221; global_colors_info=&#8221;{}&#8221; theme_builder_area=&#8221;post_content&#8221; sticky_enabled=&#8221;0&#8243;][\/et_pb_image][et_pb_text _builder_version=&#8221;4.22.1&#8243; text_font_size=&#8221;14px&#8221; background_color=&#8221;#ffffff&#8221; text_orientation=&#8221;center&#8221; custom_padding=&#8221;25px|20px|25px|20px|false|true&#8221; hover_enabled=&#8221;0&#8243; box_shadow_style=&#8221;preset1&#8243; box_shadow_blur=&#8221;10px&#8221; box_shadow_color=&#8221;rgba(0,0,0,0.15)&#8221; global_colors_info=&#8221;{}&#8221; theme_builder_area=&#8221;post_content&#8221; sticky_enabled=&#8221;0&#8243;]<\/p>\n<h3>INGRID B\u00c4RNDAL<\/h3>\n<p>Earrings, silver and faceted rock crystal.<\/p>\n<p>[\/et_pb_text][\/et_pb_column][et_pb_column type=&#8221;1_4&#8243; _builder_version=&#8221;4.16&#8243; background_enable_color=&#8221;off&#8221; global_colors_info=&#8221;{}&#8221; theme_builder_area=&#8221;post_content&#8221;][et_pb_image src=&#8221;https:\/\/gallerisebastianschildt.se\/wp-content\/uploads\/2023\/11\/Anders-Ljungberg-II-Bankett-Galleri-Sebastian-Schildt.jpg&#8221; title_text=&#8221;Anders Ljungberg II Bankett Galleri Sebastian Schildt&#8221; show_in_lightbox=&#8221;on&#8221; show_bottom_space=&#8221;off&#8221; _builder_version=&#8221;4.22.1&#8243; box_shadow_style=&#8221;preset1&#8243; box_shadow_blur=&#8221;5px&#8221; box_shadow_color=&#8221;rgba(0,0,0,0.15)&#8221; global_colors_info=&#8221;{}&#8221; theme_builder_area=&#8221;post_content&#8221;][\/et_pb_image][et_pb_text _builder_version=&#8221;4.22.1&#8243; text_font_size=&#8221;14px&#8221; background_color=&#8221;#ffffff&#8221; text_orientation=&#8221;center&#8221; custom_padding=&#8221;25px|20px|25px|20px|false|true&#8221; box_shadow_style=&#8221;preset1&#8243; box_shadow_blur=&#8221;10px&#8221; box_shadow_color=&#8221;rgba(0,0,0,0.15)&#8221; global_colors_info=&#8221;{}&#8221; theme_builder_area=&#8221;post_content&#8221;]<\/p>\n<h3>ANDERS LJUNGBERG<\/h3>\n<p>&#8220;Bubble carafe&#8221;, \u00a0silver, tinned patinated brass.<\/p>\n<p>[\/et_pb_text][et_pb_image src=&#8221;https:\/\/gallerisebastianschildt.se\/wp-content\/uploads\/2023\/12\/Sebastian-Schildt-lampett-Bankett-Galleri-Sebastian-Schildt.jpg&#8221; title_text=&#8221;Sebastian Schildt lampett Bankett Galleri Sebastian Schildt.&#8221; show_in_lightbox=&#8221;on&#8221; show_bottom_space=&#8221;off&#8221; _builder_version=&#8221;4.22.1&#8243; hover_enabled=&#8221;0&#8243; box_shadow_style=&#8221;preset1&#8243; box_shadow_blur=&#8221;5px&#8221; box_shadow_color=&#8221;rgba(0,0,0,0.15)&#8221; global_colors_info=&#8221;{}&#8221; theme_builder_area=&#8221;post_content&#8221; sticky_enabled=&#8221;0&#8243;][\/et_pb_image][et_pb_text _builder_version=&#8221;4.22.1&#8243; text_font_size=&#8221;14px&#8221; background_color=&#8221;#ffffff&#8221; text_orientation=&#8221;center&#8221; custom_padding=&#8221;25px|20px|25px|20px|false|true&#8221; hover_enabled=&#8221;0&#8243; box_shadow_style=&#8221;preset1&#8243; box_shadow_blur=&#8221;10px&#8221; box_shadow_color=&#8221;rgba(0,0,0,0.15)&#8221; global_colors_info=&#8221;{}&#8221; theme_builder_area=&#8221;post_content&#8221; sticky_enabled=&#8221;0&#8243;]<\/p>\n<h3>SEBASTIAN SCHILDT<\/h3>\n<div>Sconce in Venetian gold mosaic, brass and silver.<\/div>\n<div>\u00a0<\/div>\n<p>[\/et_pb_text][et_pb_image src=&#8221;https:\/\/gallerisebastianschildt.se\/wp-content\/uploads\/2023\/07\/Pernilla-Sylwan-ljuskrona-Galleri-Sebastian-Schildt-helbild.jpeg&#8221; title_text=&#8221;Nutida Svenskt Silver, Jubileumsutst\u00e4llning, 2023&#8243; show_in_lightbox=&#8221;on&#8221; show_bottom_space=&#8221;off&#8221; _builder_version=&#8221;4.22.1&#8243; hover_enabled=&#8221;0&#8243; box_shadow_style=&#8221;preset1&#8243; box_shadow_blur=&#8221;5px&#8221; box_shadow_color=&#8221;rgba(0,0,0,0.15)&#8221; global_colors_info=&#8221;{}&#8221; theme_builder_area=&#8221;post_content&#8221; sticky_enabled=&#8221;0&#8243;][\/et_pb_image][et_pb_text _builder_version=&#8221;4.22.1&#8243; text_font_size=&#8221;14px&#8221; background_color=&#8221;#ffffff&#8221; text_orientation=&#8221;center&#8221; custom_padding=&#8221;25px|20px|25px|20px|false|true&#8221; hover_enabled=&#8221;0&#8243; box_shadow_style=&#8221;preset1&#8243; box_shadow_blur=&#8221;10px&#8221; box_shadow_color=&#8221;rgba(0,0,0,0.15)&#8221; global_colors_info=&#8221;{}&#8221; theme_builder_area=&#8221;post_content&#8221; sticky_enabled=&#8221;0&#8243;]<\/p>\n<h3>PERNILLA SYLWAN<\/h3>\n<p>Chandelier, green patinated copper, 31 cut glass carafe stoppers.\u00a0<\/p>\n<p>[\/et_pb_text][et_pb_image src=&#8221;https:\/\/gallerisebastianschildt.se\/wp-content\/uploads\/2023\/12\/Erik-Tidang-Brannvinskantin-Galleri-Sebastian-Schildt.jpg&#8221; title_text=&#8221;Erik Tid\u00e4ng Br\u00e4nnvinskantin Galleri Sebastian Schildt&#8221; show_in_lightbox=&#8221;on&#8221; show_bottom_space=&#8221;off&#8221; _builder_version=&#8221;4.22.1&#8243; hover_enabled=&#8221;0&#8243; box_shadow_style=&#8221;preset1&#8243; box_shadow_blur=&#8221;5px&#8221; box_shadow_color=&#8221;rgba(0,0,0,0.15)&#8221; global_colors_info=&#8221;{}&#8221; theme_builder_area=&#8221;post_content&#8221; sticky_enabled=&#8221;0&#8243;][\/et_pb_image][et_pb_text _builder_version=&#8221;4.22.1&#8243; text_font_size=&#8221;14px&#8221; background_color=&#8221;#ffffff&#8221; text_orientation=&#8221;center&#8221; custom_padding=&#8221;25px|20px|25px|20px|false|true&#8221; hover_enabled=&#8221;0&#8243; box_shadow_style=&#8221;preset1&#8243; box_shadow_blur=&#8221;10px&#8221; box_shadow_color=&#8221;rgba(0,0,0,0.15)&#8221; global_colors_info=&#8221;{}&#8221; theme_builder_area=&#8221;post_content&#8221; sticky_enabled=&#8221;0&#8243;]<\/p>\n<h3>ERIK TID\u00c4NG<\/h3>\n<div>Liquor canteen, sterling silver. Detail.\u00a0<\/div>\n<div>\u00a0<\/div>\n<p>[\/et_pb_text][\/et_pb_column][et_pb_column type=&#8221;1_4&#8243; _builder_version=&#8221;4.16&#8243; background_enable_color=&#8221;off&#8221; global_colors_info=&#8221;{}&#8221; theme_builder_area=&#8221;post_content&#8221;][et_pb_image src=&#8221;https:\/\/gallerisebastianschildt.se\/wp-content\/uploads\/2023\/11\/Ulla-Forsell-Detalj-Bankett-Galleri-Sebastian-Schildt-.jpg&#8221; title_text=&#8221;Ulla Forsell Detalj Bankett Galleri Sebastian Schildt&#8221; show_in_lightbox=&#8221;on&#8221; show_bottom_space=&#8221;off&#8221; _builder_version=&#8221;4.22.1&#8243; box_shadow_style=&#8221;preset1&#8243; box_shadow_blur=&#8221;5px&#8221; box_shadow_color=&#8221;rgba(0,0,0,0.15)&#8221; global_colors_info=&#8221;{}&#8221; theme_builder_area=&#8221;post_content&#8221;][\/et_pb_image][et_pb_text _builder_version=&#8221;4.22.1&#8243; text_font_size=&#8221;14px&#8221; background_color=&#8221;#ffffff&#8221; text_orientation=&#8221;center&#8221; custom_padding=&#8221;25px|20px|25px|20px|false|true&#8221; box_shadow_style=&#8221;preset1&#8243; box_shadow_blur=&#8221;10px&#8221; box_shadow_color=&#8221;rgba(0,0,0,0.15)&#8221; global_colors_info=&#8221;{}&#8221; theme_builder_area=&#8221;post_content&#8221;]<\/p>\n<h3>ULLA FORSELL<\/h3>\n<p>Art work, detail, flat glass and gilded metal. 85 x 110 cm.<\/p>\n<p>[\/et_pb_text][et_pb_image src=&#8221;https:\/\/gallerisebastianschildt.se\/wp-content\/uploads\/2023\/12\/Asa-Parson-Miro-Burman-Bankett-Galleri-Sebastian-Schildt-2023.jpg&#8221; title_text=&#8221;\u00c5sa P\u00e4rson Miro Burman Bankett Galleri Sebastian Schildt 2023&#8243; show_in_lightbox=&#8221;on&#8221; show_bottom_space=&#8221;off&#8221; _builder_version=&#8221;4.22.1&#8243; hover_enabled=&#8221;0&#8243; box_shadow_style=&#8221;preset1&#8243; box_shadow_blur=&#8221;5px&#8221; box_shadow_color=&#8221;rgba(0,0,0,0.15)&#8221; global_colors_info=&#8221;{}&#8221; theme_builder_area=&#8221;post_content&#8221; sticky_enabled=&#8221;0&#8243;][\/et_pb_image][et_pb_text _builder_version=&#8221;4.22.1&#8243; text_font_size=&#8221;14px&#8221; background_color=&#8221;#ffffff&#8221; text_orientation=&#8221;center&#8221; custom_padding=&#8221;25px|20px|25px|20px|false|true&#8221; hover_enabled=&#8221;0&#8243; box_shadow_style=&#8221;preset1&#8243; box_shadow_blur=&#8221;10px&#8221; box_shadow_color=&#8221;rgba(0,0,0,0.15)&#8221; global_colors_info=&#8221;{}&#8221; theme_builder_area=&#8221;post_content&#8221; sticky_enabled=&#8221;0&#8243;]<\/p>\n<h3>\u00c5SA P\u00c4RSON &amp; MIRO BURMAN<\/h3>\n<div>Two sculptural handwoven and folded paper napkins,\u201dDuka upp\u201d \/ \u201dShitsurae\u201d.\u00a0<\/div>\n<p>[\/et_pb_text][et_pb_image src=&#8221;https:\/\/gallerisebastianschildt.se\/wp-content\/uploads\/2023\/12\/Krista-Kretzschmar.jpeg&#8221; title_text=&#8221;Krista Kretzschmar&#8221; show_in_lightbox=&#8221;on&#8221; show_bottom_space=&#8221;off&#8221; _builder_version=&#8221;4.22.1&#8243; hover_enabled=&#8221;0&#8243; box_shadow_style=&#8221;preset1&#8243; box_shadow_blur=&#8221;5px&#8221; box_shadow_color=&#8221;rgba(0,0,0,0.15)&#8221; global_colors_info=&#8221;{}&#8221; theme_builder_area=&#8221;post_content&#8221; sticky_enabled=&#8221;0&#8243;][\/et_pb_image][et_pb_text _builder_version=&#8221;4.22.1&#8243; text_font_size=&#8221;14px&#8221; background_color=&#8221;#ffffff&#8221; text_orientation=&#8221;center&#8221; custom_padding=&#8221;25px|20px|25px|20px|false|true&#8221; hover_enabled=&#8221;0&#8243; box_shadow_style=&#8221;preset1&#8243; box_shadow_blur=&#8221;10px&#8221; box_shadow_color=&#8221;rgba(0,0,0,0.15)&#8221; global_colors_info=&#8221;{}&#8221; theme_builder_area=&#8221;post_content&#8221; sticky_enabled=&#8221;0&#8243;]<\/p>\n<h3>KRISTA KRETZSCHMAR<\/h3>\n<p>Necklace, bronze and cubic zirconia.<\/p>\n<p>[\/et_pb_text][et_pb_image src=&#8221;https:\/\/gallerisebastianschildt.se\/wp-content\/uploads\/2023\/12\/Pralinfat-III-Anna-Berglund-Galleri-Sebastian-Schildt-2023.jpeg&#8221; title_text=&#8221;Pralinfat III Anna Berglund Galleri Sebastian Schildt 2023&#8243; show_in_lightbox=&#8221;on&#8221; show_bottom_space=&#8221;off&#8221; _builder_version=&#8221;4.22.1&#8243; hover_enabled=&#8221;0&#8243; box_shadow_style=&#8221;preset1&#8243; box_shadow_blur=&#8221;5px&#8221; box_shadow_color=&#8221;rgba(0,0,0,0.15)&#8221; global_colors_info=&#8221;{}&#8221; theme_builder_area=&#8221;post_content&#8221; sticky_enabled=&#8221;0&#8243;][\/et_pb_image][et_pb_text _builder_version=&#8221;4.22.1&#8243; text_font_size=&#8221;14px&#8221; background_color=&#8221;#ffffff&#8221; text_orientation=&#8221;center&#8221; custom_padding=&#8221;25px|20px|25px|20px|false|true&#8221; hover_enabled=&#8221;0&#8243; box_shadow_style=&#8221;preset1&#8243; box_shadow_blur=&#8221;10px&#8221; box_shadow_color=&#8221;rgba(0,0,0,0.15)&#8221; global_colors_info=&#8221;{}&#8221; theme_builder_area=&#8221;post_content&#8221; sticky_enabled=&#8221;0&#8243;]<\/p>\n<h3>ANNA BERGLUND<\/h3>\n<p>Praline serving platters, hand blown glass. Available in different styles.\u00a0<\/p>\n<p>[\/et_pb_text][et_pb_image src=&#8221;https:\/\/gallerisebastianschildt.se\/wp-content\/uploads\/2023\/11\/Malin-Pierre-Guest-of-Honor-Galleri-Sebastian-Schildt.jpg&#8221; title_text=&#8221;Malin Pierre Guest of Honor Galleri Sebastian Schildt&#8221; show_in_lightbox=&#8221;on&#8221; show_bottom_space=&#8221;off&#8221; _builder_version=&#8221;4.22.1&#8243; hover_enabled=&#8221;0&#8243; box_shadow_style=&#8221;preset1&#8243; box_shadow_blur=&#8221;5px&#8221; box_shadow_color=&#8221;rgba(0,0,0,0.15)&#8221; global_colors_info=&#8221;{}&#8221; theme_builder_area=&#8221;post_content&#8221; sticky_enabled=&#8221;0&#8243;][\/et_pb_image][et_pb_text _builder_version=&#8221;4.22.1&#8243; text_font_size=&#8221;14px&#8221; background_color=&#8221;#ffffff&#8221; text_orientation=&#8221;center&#8221; custom_padding=&#8221;25px|20px|25px|20px|false|true&#8221; hover_enabled=&#8221;0&#8243; box_shadow_style=&#8221;preset1&#8243; box_shadow_blur=&#8221;10px&#8221; box_shadow_color=&#8221;rgba(0,0,0,0.15)&#8221; global_colors_info=&#8221;{}&#8221; theme_builder_area=&#8221;post_content&#8221; sticky_enabled=&#8221;0&#8243;]<\/p>\n<h3>MALIN PIERRE\u00a0<\/h3>\n<div>Sculpture, \u201dGuest of Honor\u201d, hot blow mold, glass.<\/div>\n<p>[\/et_pb_text][\/et_pb_column][et_pb_column type=&#8221;1_4&#8243; _builder_version=&#8221;4.16&#8243; background_enable_color=&#8221;off&#8221; global_colors_info=&#8221;{}&#8221; theme_builder_area=&#8221;post_content&#8221;][et_pb_gallery gallery_ids=&#8221;14711&#8243; _builder_version=&#8221;4.22.1&#8243; global_colors_info=&#8221;{}&#8221; theme_builder_area=&#8221;post_content&#8221;][\/et_pb_gallery][et_pb_text _builder_version=&#8221;4.22.1&#8243; text_font_size=&#8221;14px&#8221; background_color=&#8221;#ffffff&#8221; text_orientation=&#8221;center&#8221; custom_padding=&#8221;25px|20px|25px|20px|false|true&#8221; box_shadow_style=&#8221;preset1&#8243; box_shadow_blur=&#8221;10px&#8221; box_shadow_color=&#8221;rgba(0,0,0,0.15)&#8221; global_colors_info=&#8221;{}&#8221; theme_builder_area=&#8221;post_content&#8221;]<\/p>\n<h3>KAROLINA H\u00c4GG<\/h3>\n<p>Sculptures, &#8220;Frozen Flowers&#8221;.<\/p>\n<p>[\/et_pb_text][et_pb_image src=&#8221;https:\/\/gallerisebastianschildt.se\/wp-content\/uploads\/2023\/12\/Ingrid-Barndal-forgyllt-silver-amterin-Bankett-Galleri-Sebastian-Schildt.jpeg&#8221; title_text=&#8221;Ingrid B\u00e4rndal f\u00f6rgyllt silver amterin Bankett Galleri Sebastian Schildt.&#8221; show_in_lightbox=&#8221;on&#8221; show_bottom_space=&#8221;off&#8221; _builder_version=&#8221;4.22.1&#8243; hover_enabled=&#8221;0&#8243; box_shadow_style=&#8221;preset1&#8243; box_shadow_blur=&#8221;5px&#8221; box_shadow_color=&#8221;rgba(0,0,0,0.15)&#8221; global_colors_info=&#8221;{}&#8221; theme_builder_area=&#8221;post_content&#8221; sticky_enabled=&#8221;0&#8243;][\/et_pb_image][et_pb_text _builder_version=&#8221;4.22.1&#8243; text_font_size=&#8221;14px&#8221; background_color=&#8221;#ffffff&#8221; text_orientation=&#8221;center&#8221; custom_padding=&#8221;25px|20px|25px|20px|false|true&#8221; hover_enabled=&#8221;0&#8243; box_shadow_style=&#8221;preset1&#8243; box_shadow_blur=&#8221;10px&#8221; box_shadow_color=&#8221;rgba(0,0,0,0.15)&#8221; global_colors_info=&#8221;{}&#8221; theme_builder_area=&#8221;post_content&#8221; sticky_enabled=&#8221;0&#8243;]<\/p>\n<h3>INGRID B\u00c4RNDAL<\/h3>\n<p>Earrings, gilded silver, faceted ametrine.<\/p>\n<p>[\/et_pb_text][et_pb_image src=&#8221;https:\/\/gallerisebastianschildt.se\/wp-content\/uploads\/2023\/12\/Evelina-Dovsten-scaled.jpg&#8221; title_text=&#8221;Evelina Dovsten&#8221; show_in_lightbox=&#8221;on&#8221; show_bottom_space=&#8221;off&#8221; _builder_version=&#8221;4.22.1&#8243; hover_enabled=&#8221;0&#8243; box_shadow_style=&#8221;preset1&#8243; box_shadow_blur=&#8221;5px&#8221; box_shadow_color=&#8221;rgba(0,0,0,0.15)&#8221; global_colors_info=&#8221;{}&#8221; theme_builder_area=&#8221;post_content&#8221; sticky_enabled=&#8221;0&#8243;][\/et_pb_image][et_pb_text _builder_version=&#8221;4.22.1&#8243; text_font_size=&#8221;14px&#8221; background_color=&#8221;#ffffff&#8221; text_orientation=&#8221;center&#8221; custom_padding=&#8221;25px|20px|25px|20px|false|true&#8221; hover_enabled=&#8221;0&#8243; box_shadow_style=&#8221;preset1&#8243; box_shadow_blur=&#8221;10px&#8221; box_shadow_color=&#8221;rgba(0,0,0,0.15)&#8221; global_colors_info=&#8221;{}&#8221; theme_builder_area=&#8221;post_content&#8221; sticky_enabled=&#8221;0&#8243;]<\/p>\n<h3>EVELINA DOVSTEN<\/h3>\n<div>Three sculptures in different sizes from the suite, \u201dDrop sampling\u201d, glass.<\/div>\n<div>\u00a0<\/div>\n<p>[\/et_pb_text][et_pb_image src=&#8221;https:\/\/gallerisebastianschildt.se\/wp-content\/uploads\/2023\/12\/Anders-Ljungberg-I-Bankett-Galleri-Sebastian-Schildt.jpg&#8221; title_text=&#8221;Anders Ljungberg I Bankett Galleri Sebastian Schildt&#8221; show_in_lightbox=&#8221;on&#8221; show_bottom_space=&#8221;off&#8221; _builder_version=&#8221;4.22.1&#8243; hover_enabled=&#8221;0&#8243; box_shadow_style=&#8221;preset1&#8243; box_shadow_blur=&#8221;5px&#8221; box_shadow_color=&#8221;rgba(0,0,0,0.15)&#8221; global_colors_info=&#8221;{}&#8221; theme_builder_area=&#8221;post_content&#8221; sticky_enabled=&#8221;0&#8243;][\/et_pb_image][et_pb_text _builder_version=&#8221;4.22.1&#8243; text_font_size=&#8221;14px&#8221; background_color=&#8221;#ffffff&#8221; text_orientation=&#8221;center&#8221; custom_padding=&#8221;25px|20px|25px|20px|false|true&#8221; hover_enabled=&#8221;0&#8243; box_shadow_style=&#8221;preset1&#8243; box_shadow_blur=&#8221;10px&#8221; box_shadow_color=&#8221;rgba(0,0,0,0.15)&#8221; global_colors_info=&#8221;{}&#8221; theme_builder_area=&#8221;post_content&#8221; sticky_enabled=&#8221;0&#8243;]<\/p>\n<h3>ANDERS LJUNGBERG<\/h3>\n<div>Object\/sculptures, \u201cEbb#5\u201d, patinated and partially tinned brass. Measure 80 x 40 cm.<\/div>\n<div>\u00a0<\/div>\n<p>[\/et_pb_text][\/et_pb_column][\/et_pb_row][\/et_pb_section]<\/p>\n","protected":false},"excerpt":{"rendered":"<p>BANQUET<\/p>\n<p>GROUP SHOW<\/p>\n<p>December 2 &#8211; January 10, 2024<\/p>\n","protected":false},"author":2,"featured_media":14703,"comment_status":"closed","ping_status":"closed","sticky":false,"template":"","format":"standard","meta":{"_acf_changed":false,"_et_pb_use_builder":"on","_et_pb_old_content":"","_et_gb_content_width":"","footnotes":""},"categories":[225],"tags":[499,336,556,345,330,364,570,333,352,310,380,340,382,564,557,479,355,313,316,386,343,334],"acf":[],"yoast_head":"<!-- This site is optimized with the Yoast SEO plugin v23.3 - https:\/\/yoast.com\/wordpress\/plugins\/seo\/ -->\n<title>BANQUET - Galleri Sebastian Schildt<\/title>\n<meta name=\"robots\" content=\"index, follow, max-snippet:-1, max-image-preview:large, max-video-preview:-1\" \/>\n<link rel=\"canonical\" href=\"https:\/\/gallerisebastianschildt.se\/bankett\/\" \/>\n<meta property=\"og:locale\" content=\"en_US\" \/>\n<meta property=\"og:type\" content=\"article\" \/>\n<meta property=\"og:title\" content=\"BANQUET - Galleri Sebastian Schildt\" \/>\n<meta property=\"og:description\" content=\"BANQUET  GROUP SHOW  December 2 - January 10, 2024\" \/>\n<meta property=\"og:url\" content=\"https:\/\/gallerisebastianschildt.se\/bankett\/\" \/>\n<meta property=\"og:site_name\" content=\"Galleri Sebastian Schildt\" \/>\n<meta property=\"article:published_time\" content=\"2023-10-30T09:31:04+00:00\" \/>\n<meta property=\"article:modified_time\" content=\"2023-12-04T12:01:06+00:00\" \/>\n<meta property=\"og:image\" content=\"https:\/\/gallerisebastianschildt.se\/wp-content\/uploads\/2023\/11\/Malin-Pierre-Guest-of-Honor-Galleri-Sebastian-Schildt.jpg\" \/>\n\t<meta property=\"og:image:width\" content=\"1010\" \/>\n\t<meta property=\"og:image:height\" content=\"1344\" \/>\n\t<meta property=\"og:image:type\" content=\"image\/jpeg\" \/>\n<meta name=\"author\" content=\"Sofia Silfverstolpe\" \/>\n<meta name=\"twitter:card\" content=\"summary_large_image\" \/>\n<meta name=\"twitter:label1\" content=\"Written by\" \/>\n\t<meta name=\"twitter:data1\" content=\"Sofia Silfverstolpe\" \/>\n\t<meta name=\"twitter:label2\" content=\"Est. reading time\" \/>\n\t<meta name=\"twitter:data2\" content=\"13 minutes\" \/>\n<script type=\"application\/ld+json\" class=\"yoast-schema-graph\">{\"@context\":\"https:\/\/schema.org\",\"@graph\":[{\"@type\":\"Article\",\"@id\":\"https:\/\/gallerisebastianschildt.se\/bankett\/#article\",\"isPartOf\":{\"@id\":\"https:\/\/gallerisebastianschildt.se\/bankett\/\"},\"author\":{\"name\":\"Sofia Silfverstolpe\",\"@id\":\"https:\/\/gallerisebastianschildt.se\/#\/schema\/person\/847dde35208e59aeb73637f1511ff45c\"},\"headline\":\"BANQUET\",\"datePublished\":\"2023-10-30T09:31:04+00:00\",\"dateModified\":\"2023-12-04T12:01:06+00:00\",\"mainEntityOfPage\":{\"@id\":\"https:\/\/gallerisebastianschildt.se\/bankett\/\"},\"wordCount\":2564,\"publisher\":{\"@id\":\"https:\/\/gallerisebastianschildt.se\/#organization\"},\"image\":{\"@id\":\"https:\/\/gallerisebastianschildt.se\/bankett\/#primaryimage\"},\"thumbnailUrl\":\"https:\/\/gallerisebastianschildt.se\/wp-content\/uploads\/2023\/11\/Malin-Pierre-Guest-of-Honor-Galleri-Sebastian-Schildt.jpg\",\"keywords\":[\"Anders Ljungberg\",\"Ann Karlholm\",\"Anna Berglund\",\"\u00c5sa P\u00e4rson\",\"Castello Hansen\",\"Erik Tid\u00e4ng\",\"Evelina Dovsten\",\"Helena Sandstr\u00f6m\",\"Ingrid B\u00e4rndal\",\"Jin-Sook So\",\"Josefine Davidsson\",\"Karlheinz Sauer\",\"Karolina H\u00e4gg\",\"Krista Kretzschmar\",\"Kristin Larsson\",\"Malin Pierre\",\"Pernilla Sylwan\",\"Ru Runeberg\",\"Sebastian Schildt\",\"Simon Westling\",\"Ulla Forsell\",\"Ulrika Sw\u00e4rd\"],\"articleSection\":[\"Past Exhibitions\"],\"inLanguage\":\"en-US\"},{\"@type\":\"WebPage\",\"@id\":\"https:\/\/gallerisebastianschildt.se\/bankett\/\",\"url\":\"https:\/\/gallerisebastianschildt.se\/bankett\/\",\"name\":\"BANQUET - Galleri Sebastian Schildt\",\"isPartOf\":{\"@id\":\"https:\/\/gallerisebastianschildt.se\/#website\"},\"primaryImageOfPage\":{\"@id\":\"https:\/\/gallerisebastianschildt.se\/bankett\/#primaryimage\"},\"image\":{\"@id\":\"https:\/\/gallerisebastianschildt.se\/bankett\/#primaryimage\"},\"thumbnailUrl\":\"https:\/\/gallerisebastianschildt.se\/wp-content\/uploads\/2023\/11\/Malin-Pierre-Guest-of-Honor-Galleri-Sebastian-Schildt.jpg\",\"datePublished\":\"2023-10-30T09:31:04+00:00\",\"dateModified\":\"2023-12-04T12:01:06+00:00\",\"breadcrumb\":{\"@id\":\"https:\/\/gallerisebastianschildt.se\/bankett\/#breadcrumb\"},\"inLanguage\":\"en-US\",\"potentialAction\":[{\"@type\":\"ReadAction\",\"target\":[\"https:\/\/gallerisebastianschildt.se\/bankett\/\"]}]},{\"@type\":\"ImageObject\",\"inLanguage\":\"en-US\",\"@id\":\"https:\/\/gallerisebastianschildt.se\/bankett\/#primaryimage\",\"url\":\"https:\/\/gallerisebastianschildt.se\/wp-content\/uploads\/2023\/11\/Malin-Pierre-Guest-of-Honor-Galleri-Sebastian-Schildt.jpg\",\"contentUrl\":\"https:\/\/gallerisebastianschildt.se\/wp-content\/uploads\/2023\/11\/Malin-Pierre-Guest-of-Honor-Galleri-Sebastian-Schildt.jpg\",\"width\":1010,\"height\":1344},{\"@type\":\"BreadcrumbList\",\"@id\":\"https:\/\/gallerisebastianschildt.se\/bankett\/#breadcrumb\",\"itemListElement\":[{\"@type\":\"ListItem\",\"position\":1,\"name\":\"Home\",\"item\":\"https:\/\/gallerisebastianschildt.se\/en\/\"},{\"@type\":\"ListItem\",\"position\":2,\"name\":\"BANQUET\"}]},{\"@type\":\"WebSite\",\"@id\":\"https:\/\/gallerisebastianschildt.se\/#website\",\"url\":\"https:\/\/gallerisebastianschildt.se\/\",\"name\":\"Galleri Sebastian Schildt\",\"description\":\"\",\"publisher\":{\"@id\":\"https:\/\/gallerisebastianschildt.se\/#organization\"},\"potentialAction\":[{\"@type\":\"SearchAction\",\"target\":{\"@type\":\"EntryPoint\",\"urlTemplate\":\"https:\/\/gallerisebastianschildt.se\/?s={search_term_string}\"},\"query-input\":\"required name=search_term_string\"}],\"inLanguage\":\"en-US\"},{\"@type\":\"Organization\",\"@id\":\"https:\/\/gallerisebastianschildt.se\/#organization\",\"name\":\"Galleri Sebastian Schildt\",\"url\":\"https:\/\/gallerisebastianschildt.se\/\",\"logo\":{\"@type\":\"ImageObject\",\"inLanguage\":\"en-US\",\"@id\":\"https:\/\/gallerisebastianschildt.se\/#\/schema\/logo\/image\/\",\"url\":\"https:\/\/gallerisebastianschildt.se\/wp-content\/uploads\/2018\/08\/Galleri-Sebastian-Schildt-Pos.png\",\"contentUrl\":\"https:\/\/gallerisebastianschildt.se\/wp-content\/uploads\/2018\/08\/Galleri-Sebastian-Schildt-Pos.png\",\"width\":400,\"height\":256,\"caption\":\"Galleri Sebastian Schildt\"},\"image\":{\"@id\":\"https:\/\/gallerisebastianschildt.se\/#\/schema\/logo\/image\/\"}},{\"@type\":\"Person\",\"@id\":\"https:\/\/gallerisebastianschildt.se\/#\/schema\/person\/847dde35208e59aeb73637f1511ff45c\",\"name\":\"Sofia Silfverstolpe\",\"image\":{\"@type\":\"ImageObject\",\"inLanguage\":\"en-US\",\"@id\":\"https:\/\/gallerisebastianschildt.se\/#\/schema\/person\/image\/\",\"url\":\"https:\/\/secure.gravatar.com\/avatar\/5c091d6340b3dae546de64af5a75e3fa?s=96&d=mm&r=g\",\"contentUrl\":\"https:\/\/secure.gravatar.com\/avatar\/5c091d6340b3dae546de64af5a75e3fa?s=96&d=mm&r=g\",\"caption\":\"Sofia Silfverstolpe\"}}]}<\/script>\n<!-- \/ Yoast SEO plugin. -->","yoast_head_json":{"title":"BANQUET - Galleri Sebastian Schildt","robots":{"index":"index","follow":"follow","max-snippet":"max-snippet:-1","max-image-preview":"max-image-preview:large","max-video-preview":"max-video-preview:-1"},"canonical":"https:\/\/gallerisebastianschildt.se\/bankett\/","og_locale":"en_US","og_type":"article","og_title":"BANQUET - Galleri Sebastian Schildt","og_description":"BANQUET  GROUP SHOW  December 2 - January 10, 2024","og_url":"https:\/\/gallerisebastianschildt.se\/bankett\/","og_site_name":"Galleri Sebastian Schildt","article_published_time":"2023-10-30T09:31:04+00:00","article_modified_time":"2023-12-04T12:01:06+00:00","og_image":[{"width":1010,"height":1344,"url":"https:\/\/gallerisebastianschildt.se\/wp-content\/uploads\/2023\/11\/Malin-Pierre-Guest-of-Honor-Galleri-Sebastian-Schildt.jpg","type":"image\/jpeg"}],"author":"Sofia Silfverstolpe","twitter_card":"summary_large_image","twitter_misc":{"Written by":"Sofia Silfverstolpe","Est. reading time":"13 minutes"},"schema":{"@context":"https:\/\/schema.org","@graph":[{"@type":"Article","@id":"https:\/\/gallerisebastianschildt.se\/bankett\/#article","isPartOf":{"@id":"https:\/\/gallerisebastianschildt.se\/bankett\/"},"author":{"name":"Sofia Silfverstolpe","@id":"https:\/\/gallerisebastianschildt.se\/#\/schema\/person\/847dde35208e59aeb73637f1511ff45c"},"headline":"BANQUET","datePublished":"2023-10-30T09:31:04+00:00","dateModified":"2023-12-04T12:01:06+00:00","mainEntityOfPage":{"@id":"https:\/\/gallerisebastianschildt.se\/bankett\/"},"wordCount":2564,"publisher":{"@id":"https:\/\/gallerisebastianschildt.se\/#organization"},"image":{"@id":"https:\/\/gallerisebastianschildt.se\/bankett\/#primaryimage"},"thumbnailUrl":"https:\/\/gallerisebastianschildt.se\/wp-content\/uploads\/2023\/11\/Malin-Pierre-Guest-of-Honor-Galleri-Sebastian-Schildt.jpg","keywords":["Anders Ljungberg","Ann Karlholm","Anna Berglund","\u00c5sa P\u00e4rson","Castello Hansen","Erik Tid\u00e4ng","Evelina Dovsten","Helena Sandstr\u00f6m","Ingrid B\u00e4rndal","Jin-Sook So","Josefine Davidsson","Karlheinz Sauer","Karolina H\u00e4gg","Krista Kretzschmar","Kristin Larsson","Malin Pierre","Pernilla Sylwan","Ru Runeberg","Sebastian Schildt","Simon Westling","Ulla Forsell","Ulrika Sw\u00e4rd"],"articleSection":["Past Exhibitions"],"inLanguage":"en-US"},{"@type":"WebPage","@id":"https:\/\/gallerisebastianschildt.se\/bankett\/","url":"https:\/\/gallerisebastianschildt.se\/bankett\/","name":"BANQUET - Galleri Sebastian Schildt","isPartOf":{"@id":"https:\/\/gallerisebastianschildt.se\/#website"},"primaryImageOfPage":{"@id":"https:\/\/gallerisebastianschildt.se\/bankett\/#primaryimage"},"image":{"@id":"https:\/\/gallerisebastianschildt.se\/bankett\/#primaryimage"},"thumbnailUrl":"https:\/\/gallerisebastianschildt.se\/wp-content\/uploads\/2023\/11\/Malin-Pierre-Guest-of-Honor-Galleri-Sebastian-Schildt.jpg","datePublished":"2023-10-30T09:31:04+00:00","dateModified":"2023-12-04T12:01:06+00:00","breadcrumb":{"@id":"https:\/\/gallerisebastianschildt.se\/bankett\/#breadcrumb"},"inLanguage":"en-US","potentialAction":[{"@type":"ReadAction","target":["https:\/\/gallerisebastianschildt.se\/bankett\/"]}]},{"@type":"ImageObject","inLanguage":"en-US","@id":"https:\/\/gallerisebastianschildt.se\/bankett\/#primaryimage","url":"https:\/\/gallerisebastianschildt.se\/wp-content\/uploads\/2023\/11\/Malin-Pierre-Guest-of-Honor-Galleri-Sebastian-Schildt.jpg","contentUrl":"https:\/\/gallerisebastianschildt.se\/wp-content\/uploads\/2023\/11\/Malin-Pierre-Guest-of-Honor-Galleri-Sebastian-Schildt.jpg","width":1010,"height":1344},{"@type":"BreadcrumbList","@id":"https:\/\/gallerisebastianschildt.se\/bankett\/#breadcrumb","itemListElement":[{"@type":"ListItem","position":1,"name":"Home","item":"https:\/\/gallerisebastianschildt.se\/en\/"},{"@type":"ListItem","position":2,"name":"BANQUET"}]},{"@type":"WebSite","@id":"https:\/\/gallerisebastianschildt.se\/#website","url":"https:\/\/gallerisebastianschildt.se\/","name":"Galleri Sebastian Schildt","description":"","publisher":{"@id":"https:\/\/gallerisebastianschildt.se\/#organization"},"potentialAction":[{"@type":"SearchAction","target":{"@type":"EntryPoint","urlTemplate":"https:\/\/gallerisebastianschildt.se\/?s={search_term_string}"},"query-input":"required name=search_term_string"}],"inLanguage":"en-US"},{"@type":"Organization","@id":"https:\/\/gallerisebastianschildt.se\/#organization","name":"Galleri Sebastian Schildt","url":"https:\/\/gallerisebastianschildt.se\/","logo":{"@type":"ImageObject","inLanguage":"en-US","@id":"https:\/\/gallerisebastianschildt.se\/#\/schema\/logo\/image\/","url":"https:\/\/gallerisebastianschildt.se\/wp-content\/uploads\/2018\/08\/Galleri-Sebastian-Schildt-Pos.png","contentUrl":"https:\/\/gallerisebastianschildt.se\/wp-content\/uploads\/2018\/08\/Galleri-Sebastian-Schildt-Pos.png","width":400,"height":256,"caption":"Galleri Sebastian Schildt"},"image":{"@id":"https:\/\/gallerisebastianschildt.se\/#\/schema\/logo\/image\/"}},{"@type":"Person","@id":"https:\/\/gallerisebastianschildt.se\/#\/schema\/person\/847dde35208e59aeb73637f1511ff45c","name":"Sofia Silfverstolpe","image":{"@type":"ImageObject","inLanguage":"en-US","@id":"https:\/\/gallerisebastianschildt.se\/#\/schema\/person\/image\/","url":"https:\/\/secure.gravatar.com\/avatar\/5c091d6340b3dae546de64af5a75e3fa?s=96&d=mm&r=g","contentUrl":"https:\/\/secure.gravatar.com\/avatar\/5c091d6340b3dae546de64af5a75e3fa?s=96&d=mm&r=g","caption":"Sofia Silfverstolpe"}}]}},"_links":{"self":[{"href":"https:\/\/gallerisebastianschildt.se\/en\/wp-json\/wp\/v2\/posts\/14625"}],"collection":[{"href":"https:\/\/gallerisebastianschildt.se\/en\/wp-json\/wp\/v2\/posts"}],"about":[{"href":"https:\/\/gallerisebastianschildt.se\/en\/wp-json\/wp\/v2\/types\/post"}],"author":[{"embeddable":true,"href":"https:\/\/gallerisebastianschildt.se\/en\/wp-json\/wp\/v2\/users\/2"}],"replies":[{"embeddable":true,"href":"https:\/\/gallerisebastianschildt.se\/en\/wp-json\/wp\/v2\/comments?post=14625"}],"version-history":[{"count":18,"href":"https:\/\/gallerisebastianschildt.se\/en\/wp-json\/wp\/v2\/posts\/14625\/revisions"}],"predecessor-version":[{"id":14806,"href":"https:\/\/gallerisebastianschildt.se\/en\/wp-json\/wp\/v2\/posts\/14625\/revisions\/14806"}],"wp:featuredmedia":[{"embeddable":true,"href":"https:\/\/gallerisebastianschildt.se\/en\/wp-json\/wp\/v2\/media\/14703"}],"wp:attachment":[{"href":"https:\/\/gallerisebastianschildt.se\/en\/wp-json\/wp\/v2\/media?parent=14625"}],"wp:term":[{"taxonomy":"category","embeddable":true,"href":"https:\/\/gallerisebastianschildt.se\/en\/wp-json\/wp\/v2\/categories?post=14625"},{"taxonomy":"post_tag","embeddable":true,"href":"https:\/\/gallerisebastianschildt.se\/en\/wp-json\/wp\/v2\/tags?post=14625"}],"curies":[{"name":"wp","href":"https:\/\/api.w.org\/{rel}","templated":true}]}}